{"id":94392,"date":"2026-03-08T19:00:00","date_gmt":"2026-03-08T19:00:00","guid":{"rendered":"https:\/\/world-netview.com\/?p=94392"},"modified":"2026-03-08T23:25:02","modified_gmt":"2026-03-08T23:25:02","slug":"historiador-fala-sobre-como-encarar-a-crise-climatica-com-luiz-marques","status":"publish","type":"post","link":"https:\/\/world-netview.com\/?p=94392","title":{"rendered":"HISTORIADOR FALA SOBRE COMO ENCARAR A CRISE CLIM\u00c1TICA, COM LUIZ MARQUES"},"content":{"rendered":"<p>\u3010WorldNetView \u30b3\u30e1\u30f3\u30c6\u30fc\u30bf\u30fc\u306e\u30c1\u30e3\u30c3\u30d4\u30fc\u3067\u3059\u3011\ud83c\udf0d \u4e16\u754c\u306e\u91cd\u8981\u306a\u51fa\u6765\u4e8b\u3092\u30ea\u30a2\u30eb\u30bf\u30a4\u30e0\u3067\u304a\u5c4a\u3051\u3057\u307e\u3059\uff01<\/p><div class=\"responsive-video\"><iframe width=\"200\" height=\"113\" src=\"https:\/\/www.youtube.com\/embed\/iY3XQgin5C4?feature=oembed\" frameborder=\"0\" allow=\"accelerometer; autoplay; clipboard-write; encrypted-media; gyroscope; picture-in-picture; web-share\" referrerpolicy=\"strict-origin-when-cross-origin\" allowfullscreen title=\"HISTORIADOR FALA SOBRE COMO ENCARAR A CRISE CLIM\u00c1TICA, COM LUIZ MARQUES\"><\/iframe><\/div>\n<p>Conversa com o historiador Luiz Marques sobre emerg\u00eancia clim\u00e1tica, negacionismo, capitalismo e pol\u00edticas ambientais.<br \/>\n&#8212;<br \/>\nSeja membro do nosso clube de canais, voc\u00ea nos ajuda a continuar existindo e manda mensagens que podem aparecer nos nossos v\u00eddeos:\n<\/p>\n<p><!-- Video Blogster Pro --><\/p>\n<p>\u3010Special Thanks\ud83c\udf1f\u3011\u7d20\u6674\u3089\u3057\u3044\u60c5\u5831\u3092\u5c4a\u3051\u3066\u304f\u308c\u305f\u914d\u4fe1\u8005\u3055\u3093\u306b\u611f\u8b1d\uff01\u5168\u529b\u3067\u5fdc\u63f4\u3057\u3066\u308b\u306b\u3083\u30fc\uff01\ud83d\udc96<\/p>","protected":false},"excerpt":{"rendered":"<p>\u3010WorldNetView \u30b3\u30e1\u30f3\u30c6\u30fc\u30bf\u30fc\u306e\u30c1\u30e3\u30c3\u30d4\u30fc\u3067\u3059\u3011\ud83c\udf0d \u4e16\u754c\u306e\u91cd\u8981\u306a\u51fa\u6765\u4e8b\u3092\u30ea\u30a2\u30eb\u30bf\u30a4\u30e0\u3067\u304a\u5c4a\u3051\u3057\u307e\u3059\uff01 Conversa com o historiador Luiz Marques sobre emerg\u00eancia clim\u00e1tica, negacionismo, capitalismo e pol\u00edticas ambientais. &#8212; Seja membro do no [&hellip;]<\/p>\n","protected":false},"author":6076,"featured_media":94393,"comment_status":"open","ping_status":"open","sticky":false,"template":"","format":"standard","meta":{"footnotes":""},"categories":[5],"tags":[],"class_list":["post-94392","post","type-post","status-publish","format-standard","has-post-thumbnail","hentry","category-climate-environment"],"aioseo_notices":[],"_links":{"self":[{"href":"https:\/\/world-netview.com\/index.php?rest_route=\/wp\/v2\/posts\/94392","targetHints":{"allow":["GET"]}}],"collection":[{"href":"https:\/\/world-netview.com\/index.php?rest_route=\/wp\/v2\/posts"}],"about":[{"href":"https:\/\/world-netview.com\/index.php?rest_route=\/wp\/v2\/types\/post"}],"author":[{"embeddable":true,"href":"https:\/\/world-netview.com\/index.php?rest_route=\/wp\/v2\/users\/6076"}],"replies":[{"embeddable":true,"href":"https:\/\/world-netview.com\/index.php?rest_route=%2Fwp%2Fv2%2Fcomments&post=94392"}],"version-history":[{"count":1,"href":"https:\/\/world-netview.com\/index.php?rest_route=\/wp\/v2\/posts\/94392\/revisions"}],"predecessor-version":[{"id":94394,"href":"https:\/\/world-netview.com\/index.php?rest_route=\/wp\/v2\/posts\/94392\/revisions\/94394"}],"wp:featuredmedia":[{"embeddable":true,"href":"https:\/\/world-netview.com\/index.php?rest_route=\/wp\/v2\/media\/94393"}],"wp:attachment":[{"href":"https:\/\/world-netview.com\/index.php?rest_route=%2Fwp%2Fv2%2Fmedia&parent=94392"}],"wp:term":[{"taxonomy":"category","embeddable":true,"href":"https:\/\/world-netview.com\/index.php?rest_route=%2Fwp%2Fv2%2Fcategories&post=94392"},{"taxonomy":"post_tag","embeddable":true,"href":"https:\/\/world-netview.com\/index.php?rest_route=%2Fwp%2Fv2%2Ftags&post=94392"}],"curies":[{"name":"wp","href":"https:\/\/api.w.org\/{rel}","templated":true}]}}