{"id":11131,"date":"2025-05-26T13:27:53","date_gmt":"2025-05-26T13:27:53","guid":{"rendered":"https:\/\/world-netview.com\/?p=11131"},"modified":"2025-05-26T23:22:33","modified_gmt":"2025-05-26T23:22:33","slug":"cop-30","status":"publish","type":"post","link":"https:\/\/world-netview.com\/?p=11131","title":{"rendered":"COP 30"},"content":{"rendered":"<p>\u3010WorldNetView \u30b3\u30e1\u30f3\u30c6\u30fc\u30bf\u30fc\u306e\u30c1\u30e3\u30c3\u30d4\u30fc\u3067\u3059\u3011\ud83c\udf0d \u4e16\u754c\u306e\u91cd\u8981\u306a\u51fa\u6765\u4e8b\u3092\u30ea\u30a2\u30eb\u30bf\u30a4\u30e0\u3067\u304a\u5c4a\u3051\u3057\u307e\u3059\uff01<\/p><div class=\"responsive-video\"><iframe width=\"200\" height=\"113\" src=\"https:\/\/www.youtube.com\/embed\/qf_-SZ4xz2E?feature=oembed\" frameborder=\"0\" allow=\"accelerometer; autoplay; clipboard-write; encrypted-media; gyroscope; picture-in-picture; web-share\" referrerpolicy=\"strict-origin-when-cross-origin\" allowfullscreen title=\"COP 30\"><\/iframe><\/div>\n<p>COP 30 | Em cerim\u00f4nia de assinatura de atos entre Brasil e Angola na sexta-feira (23), o presidente Lula convidou o presidente angolano, Jos\u00e9 Louren\u00e7o, para participar da COP 30, que ir\u00e1 acontecer em novembro, em Bel\u00e9m (PA). A \u00c1frica \u00e9 uma das regi\u00f5es que menos produzem gases de efeito estufa, mas \u00e9 uma das mais afetadas pelo aquecimento global.<br \/>\nLula enfatizou a import\u00e2ncia da COP 30 para mostrar<\/p>\n<p><!-- Video Blogster Pro --><\/p>\n<p>\u3010Special Thanks\ud83c\udf1f\u3011\u7d20\u6674\u3089\u3057\u3044\u60c5\u5831\u3092\u5c4a\u3051\u3066\u304f\u308c\u305f\u914d\u4fe1\u8005\u3055\u3093\u306b\u611f\u8b1d\uff01\u5168\u529b\u3067\u5fdc\u63f4\u3057\u3066\u308b\u306b\u3083\u30fc\uff01\ud83d\udc96<\/p>","protected":false},"excerpt":{"rendered":"<p>\u3010WorldNetView \u30b3\u30e1\u30f3\u30c6\u30fc\u30bf\u30fc\u306e\u30c1\u30e3\u30c3\u30d4\u30fc\u3067\u3059\u3011\ud83c\udf0d \u4e16\u754c\u306e\u91cd\u8981\u306a\u51fa\u6765\u4e8b\u3092\u30ea\u30a2\u30eb\u30bf\u30a4\u30e0\u3067\u304a\u5c4a\u3051\u3057\u307e\u3059\uff01 COP 30 | Em cerim\u00f4nia de assinatura de atos entre Brasil e Angola na sexta-feira (23), o presidente Lula convidou o presidente angolano, Jos\u00e9 L [&hellip;]<\/p>\n","protected":false},"author":1166,"featured_media":11132,"comment_status":"open","ping_status":"open","sticky":false,"template":"","format":"standard","meta":{"footnotes":""},"categories":[5],"tags":[],"class_list":["post-11131","post","type-post","status-publish","format-standard","has-post-thumbnail","hentry","category-climate-environment"],"aioseo_notices":[],"_links":{"self":[{"href":"https:\/\/world-netview.com\/index.php?rest_route=\/wp\/v2\/posts\/11131","targetHints":{"allow":["GET"]}}],"collection":[{"href":"https:\/\/world-netview.com\/index.php?rest_route=\/wp\/v2\/posts"}],"about":[{"href":"https:\/\/world-netview.com\/index.php?rest_route=\/wp\/v2\/types\/post"}],"author":[{"embeddable":true,"href":"https:\/\/world-netview.com\/index.php?rest_route=\/wp\/v2\/users\/1166"}],"replies":[{"embeddable":true,"href":"https:\/\/world-netview.com\/index.php?rest_route=%2Fwp%2Fv2%2Fcomments&post=11131"}],"version-history":[{"count":1,"href":"https:\/\/world-netview.com\/index.php?rest_route=\/wp\/v2\/posts\/11131\/revisions"}],"predecessor-version":[{"id":11133,"href":"https:\/\/world-netview.com\/index.php?rest_route=\/wp\/v2\/posts\/11131\/revisions\/11133"}],"wp:featuredmedia":[{"embeddable":true,"href":"https:\/\/world-netview.com\/index.php?rest_route=\/wp\/v2\/media\/11132"}],"wp:attachment":[{"href":"https:\/\/world-netview.com\/index.php?rest_route=%2Fwp%2Fv2%2Fmedia&parent=11131"}],"wp:term":[{"taxonomy":"category","embeddable":true,"href":"https:\/\/world-netview.com\/index.php?rest_route=%2Fwp%2Fv2%2Fcategories&post=11131"},{"taxonomy":"post_tag","embeddable":true,"href":"https:\/\/world-netview.com\/index.php?rest_route=%2Fwp%2Fv2%2Ftags&post=11131"}],"curies":[{"name":"wp","href":"https:\/\/api.w.org\/{rel}","templated":true}]}}